{"id":105,"date":"2013-11-12T00:39:34","date_gmt":"2013-11-12T00:39:34","guid":{"rendered":"http:\/\/www.encontraalvorada.com.br\/noticias\/?p=105"},"modified":"2013-11-12T12:40:18","modified_gmt":"2013-11-12T12:40:18","slug":"cursos-do-protejo-estao-com-inscricoes-abertas-em-alvorada","status":"publish","type":"post","link":"https:\/\/www.encontraalvorada.com.br\/noticias\/cursos-do-protejo-estao-com-inscricoes-abertas-em-alvorada\/","title":{"rendered":"Cursos do Protejo est\u00e3o com inscri\u00e7\u00f5es abertas em Alvorada"},"content":{"rendered":"<p>A Secretaria Municipal de Trabalho, Assist\u00eancia Social e Cidadania da Prefeitura de Alvorada est\u00e1 com inscri\u00e7\u00f5es abertas para cursos do programa Protejo, do Governo Federal, na \u00e1rea de administra\u00e7\u00e3o, inform\u00e1tica, cultura, esportes, entre outros. Os cursos s\u00e3o dispon\u00edveis para jovens de 15 a 24 anos que estejam estudando e residam no Territ\u00f3rio da Paz, em Alvorada, que compreende os bairros Umbu, S\u00edtio dos A\u00e7udes, Nova Alvorada, Quer\u00eancia, Salom\u00e9, 11 de Abril, Campos Verdes e Tijuca.<\/p>\n<p>As inscri\u00e7\u00f5es acontecem at\u00e9 o dia 13 de novembro, na sede do Protejo, na Rua Vista Alegre, 952, Bairro Umbu. O projeto recebeu 25 novos computadores que ser\u00e3o utilizados pelos estudantes nas aulas. Os alunos receber\u00e3o uma bolsa-auxilio de R$ 100 por m\u00eas.<\/p>\n<p>Sobre o Protejo: O Projeto de Prote\u00e7\u00e3o dos Jovens em Territ\u00f3rio Vulner\u00e1vel (Protejo) presta assist\u00eancia, por meio de programas de forma\u00e7\u00e3o e inclus\u00e3o social, a jovens adolescentes expostos \u00e0 viol\u00eancia dom\u00e9stica ou urbana ou que vivam nas ruas. O trabalho tem dura\u00e7\u00e3o de um ano, prorrog\u00e1vel por mais um, e tem como foco a forma\u00e7\u00e3o da cidadania desses jovens por meio de atividades culturais, esportivas e educacionais que visem resgatar sua autoestima e permitir que eles disseminem uma cultura de paz em suas comunidades.<\/p>\n","protected":false},"excerpt":{"rendered":"<p>A Secretaria Municipal de Trabalho, Assist\u00eancia Social e Cidadania da Prefeitura de Alvorada est\u00e1 com inscri\u00e7\u00f5es abertas para cursos do programa Protejo, do Governo Federal, na \u00e1rea de administra\u00e7\u00e3o, inform\u00e1tica, cultura, esportes, entre outros. Os cursos s\u00e3o dispon\u00edveis para jovens de 15 a 24 anos que estejam estudando e residam no Territ\u00f3rio da Paz, em [&hellip;]<\/p>\n","protected":false},"author":1,"featured_media":0,"comment_status":"open","ping_status":"open","sticky":false,"template":"","format":"standard","meta":{"footnotes":""},"categories":[6],"tags":[],"class_list":["post-105","post","type-post","status-publish","format-standard","hentry","category-noticias-alvorada"],"_links":{"self":[{"href":"https:\/\/www.encontraalvorada.com.br\/noticias\/wp-json\/wp\/v2\/posts\/105","targetHints":{"allow":["GET"]}}],"collection":[{"href":"https:\/\/www.encontraalvorada.com.br\/noticias\/wp-json\/wp\/v2\/posts"}],"about":[{"href":"https:\/\/www.encontraalvorada.com.br\/noticias\/wp-json\/wp\/v2\/types\/post"}],"author":[{"embeddable":true,"href":"https:\/\/www.encontraalvorada.com.br\/noticias\/wp-json\/wp\/v2\/users\/1"}],"replies":[{"embeddable":true,"href":"https:\/\/www.encontraalvorada.com.br\/noticias\/wp-json\/wp\/v2\/comments?post=105"}],"version-history":[{"count":1,"href":"https:\/\/www.encontraalvorada.com.br\/noticias\/wp-json\/wp\/v2\/posts\/105\/revisions"}],"predecessor-version":[{"id":106,"href":"https:\/\/www.encontraalvorada.com.br\/noticias\/wp-json\/wp\/v2\/posts\/105\/revisions\/106"}],"wp:attachment":[{"href":"https:\/\/www.encontraalvorada.com.br\/noticias\/wp-json\/wp\/v2\/media?parent=105"}],"wp:term":[{"taxonomy":"category","embeddable":true,"href":"https:\/\/www.encontraalvorada.com.br\/noticias\/wp-json\/wp\/v2\/categories?post=105"},{"taxonomy":"post_tag","embeddable":true,"href":"https:\/\/www.encontraalvorada.com.br\/noticias\/wp-json\/wp\/v2\/tags?post=105"}],"curies":[{"name":"wp","href":"https:\/\/api.w.org\/{rel}","templated":true}]}}