{"id":109,"date":"2014-01-10T00:05:08","date_gmt":"2014-01-10T00:05:08","guid":{"rendered":"http:\/\/www.encontraalvorada.com.br\/noticias\/?p=109"},"modified":"2014-01-09T21:55:27","modified_gmt":"2014-01-09T21:55:27","slug":"prefeitura-abre-inscricoes-para-cursos-gratuitos-do-pronatec-em-alvorada","status":"publish","type":"post","link":"https:\/\/www.encontraalvorada.com.br\/noticias\/prefeitura-abre-inscricoes-para-cursos-gratuitos-do-pronatec-em-alvorada\/","title":{"rendered":"Prefeitura abre inscri\u00e7\u00f5es para cursos gratuitos do Pronatec em Alvorada"},"content":{"rendered":"<p>A Secretaria Municipal de Trabalho, Assist\u00eancia Social e Cidadania da Prefeitura de Alvorada est\u00e1 com inscri\u00e7\u00f5es abertas para cursos gratuitos vinculados ao Programa Nacional de Acesso ao Ensino T\u00e9cnico e Emprego (Pronatec) do Governo Federal. Entre os cursos est\u00e3o: vendedor, auxiliar de recursos humanos, auxiliar administrativo, manicure\/pedicure, Espanhol, cabeleireiro, Ingl\u00eas e balconista de farm\u00e1cia. As inscri\u00e7\u00f5es s\u00e3o feitas na Avenida Wenceslau Fontoura, 126, Bairro Nova Americana, das 08:00h \u00e0s 11:30h e das 13:00h \u00e0s 16:30h, com exce\u00e7\u00e3o das quintas-feiras, quando ocorre expediente interno.<\/p>\n<p>Para se inscrever deve-se estar incluso no Cad\u00danico (ou cadastrar-se), sendo que menores de idade devem comparecerem acompanhados de um respons\u00e1vel. \u00c9 necess\u00e1rio apresentar RG, CPF e comprovante de resid\u00eancia. O curso inclui ajuda de custo para transporte e alimenta\u00e7\u00e3o.<\/p>\n<p>Este ano a Prefeitura vai abrir mais de duas mil e duzentas vagas em cursos do Pronatec beneficiando a comunidade. Em 2013 foram 1.600 vagas contra apenas 60 em 2012. A ministra do Desenvolvimento Social e Combate \u00e0 Fome, Tereza Campello, esteve na noite de 01 de novembro do ano passado em Alvorada participando da formatura de 200 alunos de diversos cursos de qualifica\u00e7\u00e3o profissional vinculados ao Pronatec. O Prefeito Professor Serginho, lideran\u00e7as pol\u00edticas nacionais, do Estado, representantes da comunidade, tamb\u00e9m estiveram presentes ao ato.<\/p>\n","protected":false},"excerpt":{"rendered":"<p>A Secretaria Municipal de Trabalho, Assist\u00eancia Social e Cidadania da Prefeitura de Alvorada est\u00e1 com inscri\u00e7\u00f5es abertas para cursos gratuitos vinculados ao Programa Nacional de Acesso ao Ensino T\u00e9cnico e Emprego (Pronatec) do Governo Federal. Entre os cursos est\u00e3o: vendedor, auxiliar de recursos humanos, auxiliar administrativo, manicure\/pedicure, Espanhol, cabeleireiro, Ingl\u00eas e balconista de farm\u00e1cia. As [&hellip;]<\/p>\n","protected":false},"author":1,"featured_media":0,"comment_status":"open","ping_status":"open","sticky":false,"template":"","format":"standard","meta":{"footnotes":""},"categories":[6],"tags":[],"class_list":["post-109","post","type-post","status-publish","format-standard","hentry","category-noticias-alvorada"],"_links":{"self":[{"href":"https:\/\/www.encontraalvorada.com.br\/noticias\/wp-json\/wp\/v2\/posts\/109","targetHints":{"allow":["GET"]}}],"collection":[{"href":"https:\/\/www.encontraalvorada.com.br\/noticias\/wp-json\/wp\/v2\/posts"}],"about":[{"href":"https:\/\/www.encontraalvorada.com.br\/noticias\/wp-json\/wp\/v2\/types\/post"}],"author":[{"embeddable":true,"href":"https:\/\/www.encontraalvorada.com.br\/noticias\/wp-json\/wp\/v2\/users\/1"}],"replies":[{"embeddable":true,"href":"https:\/\/www.encontraalvorada.com.br\/noticias\/wp-json\/wp\/v2\/comments?post=109"}],"version-history":[{"count":2,"href":"https:\/\/www.encontraalvorada.com.br\/noticias\/wp-json\/wp\/v2\/posts\/109\/revisions"}],"predecessor-version":[{"id":111,"href":"https:\/\/www.encontraalvorada.com.br\/noticias\/wp-json\/wp\/v2\/posts\/109\/revisions\/111"}],"wp:attachment":[{"href":"https:\/\/www.encontraalvorada.com.br\/noticias\/wp-json\/wp\/v2\/media?parent=109"}],"wp:term":[{"taxonomy":"category","embeddable":true,"href":"https:\/\/www.encontraalvorada.com.br\/noticias\/wp-json\/wp\/v2\/categories?post=109"},{"taxonomy":"post_tag","embeddable":true,"href":"https:\/\/www.encontraalvorada.com.br\/noticias\/wp-json\/wp\/v2\/tags?post=109"}],"curies":[{"name":"wp","href":"https:\/\/api.w.org\/{rel}","templated":true}]}}