{"id":120,"date":"2014-02-24T01:27:09","date_gmt":"2014-02-24T01:27:09","guid":{"rendered":"http:\/\/www.encontraalvorada.com.br\/noticias\/?p=120"},"modified":"2014-02-17T11:27:37","modified_gmt":"2014-02-17T11:27:37","slug":"carnaval-de-alvorada-sera-nos-dias-28-e-29-de-marco","status":"publish","type":"post","link":"https:\/\/www.encontraalvorada.com.br\/noticias\/carnaval-de-alvorada-sera-nos-dias-28-e-29-de-marco\/","title":{"rendered":"Carnaval de Alvorada ser\u00e1 nos dias 28 e 29 de mar\u00e7o"},"content":{"rendered":"<p>O Carnaval de Alvorada tem novas datas: os desfiles ser\u00e3o realizados nos dias 28 e 29 de mar\u00e7o. Os desfiles acontecem entre as paradas 47 e 50 da avenida Presidente Get\u00falio Vargas, entre as vias Maring\u00e1 e Alfredo Jos\u00e9 Justo.<\/p>\n<p>No dia 28, a partir das 20 horas, apresentam-se seis blocos carnavalescos e as duas escolas do grupo de acesso. Em 29 de mar\u00e7o, a partir das 21 horas, acontecem os desfiles das quatro escolas mirins e das seis escolas do Grupo Especial.<\/p>\n<p>No dia 30 de mar\u00e7o ocorre a apura\u00e7\u00e3o dos resultados a partir das 15 horas na Pra\u00e7a Jo\u00e3o Goulart.<\/p>\n","protected":false},"excerpt":{"rendered":"<p>O Carnaval de Alvorada tem novas datas: os desfiles ser\u00e3o realizados nos dias 28 e 29 de mar\u00e7o. Os desfiles acontecem entre as paradas 47 e 50 da avenida Presidente Get\u00falio Vargas, entre as vias Maring\u00e1 e Alfredo Jos\u00e9 Justo. No dia 28, a partir das 20 horas, apresentam-se seis blocos carnavalescos e as duas [&hellip;]<\/p>\n","protected":false},"author":1,"featured_media":0,"comment_status":"open","ping_status":"open","sticky":false,"template":"","format":"standard","meta":{"footnotes":""},"categories":[6],"tags":[],"class_list":["post-120","post","type-post","status-publish","format-standard","hentry","category-noticias-alvorada"],"_links":{"self":[{"href":"https:\/\/www.encontraalvorada.com.br\/noticias\/wp-json\/wp\/v2\/posts\/120","targetHints":{"allow":["GET"]}}],"collection":[{"href":"https:\/\/www.encontraalvorada.com.br\/noticias\/wp-json\/wp\/v2\/posts"}],"about":[{"href":"https:\/\/www.encontraalvorada.com.br\/noticias\/wp-json\/wp\/v2\/types\/post"}],"author":[{"embeddable":true,"href":"https:\/\/www.encontraalvorada.com.br\/noticias\/wp-json\/wp\/v2\/users\/1"}],"replies":[{"embeddable":true,"href":"https:\/\/www.encontraalvorada.com.br\/noticias\/wp-json\/wp\/v2\/comments?post=120"}],"version-history":[{"count":1,"href":"https:\/\/www.encontraalvorada.com.br\/noticias\/wp-json\/wp\/v2\/posts\/120\/revisions"}],"predecessor-version":[{"id":121,"href":"https:\/\/www.encontraalvorada.com.br\/noticias\/wp-json\/wp\/v2\/posts\/120\/revisions\/121"}],"wp:attachment":[{"href":"https:\/\/www.encontraalvorada.com.br\/noticias\/wp-json\/wp\/v2\/media?parent=120"}],"wp:term":[{"taxonomy":"category","embeddable":true,"href":"https:\/\/www.encontraalvorada.com.br\/noticias\/wp-json\/wp\/v2\/categories?post=120"},{"taxonomy":"post_tag","embeddable":true,"href":"https:\/\/www.encontraalvorada.com.br\/noticias\/wp-json\/wp\/v2\/tags?post=120"}],"curies":[{"name":"wp","href":"https:\/\/api.w.org\/{rel}","templated":true}]}}